{"id":3547,"date":"2025-10-04T09:58:00","date_gmt":"2025-10-04T13:58:00","guid":{"rendered":"https:\/\/ihamc.cl\/?p=3547"},"modified":"2025-10-15T12:05:36","modified_gmt":"2025-10-15T16:05:36","slug":"conjunto-quitahuen","status":"publish","type":"post","link":"https:\/\/ihamc.cl\/index.php\/2025\/10\/04\/conjunto-quitahuen\/","title":{"rendered":"Conjunto Quitrahuen"},"content":{"rendered":"\n<p>El s\u00e1bado 4 de octubre se llev\u00f3 a cabo la mateada a beneficio del conjunto Quitrahuen, instancia que reuni\u00f3 a nuestra comunidad en torno a la m\u00fasica y las tradiciones de nuestro pa\u00eds. \u2615\ud83c\udfb6<\/p>\n\n\n\n<p>La jornada cont\u00f3 con la destacada participaci\u00f3n del Conjunto de Canto y Danzas Tradicionales de la Universidad del B\u00edo-B\u00edo y del Conjunto Los del B\u00edo-B\u00edo, quienes enriquecieron la actividad con su talento y compromiso con la difusi\u00f3n del folclore nacional.<\/p>\n\n\n\n<p>Agradecemos a todos quienes hicieron posible esta significativa iniciativa en apoyo a Quittahuen y a la preservaci\u00f3n de nuestras expresiones culturales. \ud83c\udf3f<\/p>\n\n\n\n<div style=\"height:29px\" aria-hidden=\"true\" class=\"wp-block-spacer\"><\/div>\n\n\n\n<figure class=\"wp-block-gallery has-nested-images columns-default is-cropped wp-block-gallery-1 is-layout-flex wp-block-gallery-is-layout-flex\">\n<figure class=\"wp-block-image size-large\"><img loading=\"lazy\" decoding=\"async\" width=\"1024\" height=\"1024\" data-id=\"3548\" src=\"https:\/\/ihamc.cl\/wp-content\/uploads\/2025\/10\/El-sabado-4-de-octubre-se-llevo-a-cabo-la-mateada-a-beneficio-del-conjunto-Quittahuen-instanci-1024x1024.webp\" alt=\"\" class=\"wp-image-3548\" srcset=\"https:\/\/ihamc.cl\/wp-content\/uploads\/2025\/10\/El-sabado-4-de-octubre-se-llevo-a-cabo-la-mateada-a-beneficio-del-conjunto-Quittahuen-instanci-1024x1024.webp 1024w, https:\/\/ihamc.cl\/wp-content\/uploads\/2025\/10\/El-sabado-4-de-octubre-se-llevo-a-cabo-la-mateada-a-beneficio-del-conjunto-Quittahuen-instanci-980x980.webp 980w, https:\/\/ihamc.cl\/wp-content\/uploads\/2025\/10\/El-sabado-4-de-octubre-se-llevo-a-cabo-la-mateada-a-beneficio-del-conjunto-Quittahuen-instanci-480x480.webp 480w\" sizes=\"(min-width: 0px) and (max-width: 480px) 480px, (min-width: 481px) and (max-width: 980px) 980px, (min-width: 981px) 1024px, 100vw\" \/><\/figure>\n\n\n\n<figure class=\"wp-block-image size-large\"><img loading=\"lazy\" decoding=\"async\" width=\"1024\" height=\"1024\" data-id=\"3550\" src=\"https:\/\/ihamc.cl\/wp-content\/uploads\/2025\/10\/El-sabado-4-de-octubre-se-llevo-a-cabo-la-mateada-a-beneficio-del-conjunto-Quittahuen-instanci-3-1024x1024.webp\" alt=\"\" class=\"wp-image-3550\" srcset=\"https:\/\/ihamc.cl\/wp-content\/uploads\/2025\/10\/El-sabado-4-de-octubre-se-llevo-a-cabo-la-mateada-a-beneficio-del-conjunto-Quittahuen-instanci-3-1024x1024.webp 1024w, https:\/\/ihamc.cl\/wp-content\/uploads\/2025\/10\/El-sabado-4-de-octubre-se-llevo-a-cabo-la-mateada-a-beneficio-del-conjunto-Quittahuen-instanci-3-980x980.webp 980w, https:\/\/ihamc.cl\/wp-content\/uploads\/2025\/10\/El-sabado-4-de-octubre-se-llevo-a-cabo-la-mateada-a-beneficio-del-conjunto-Quittahuen-instanci-3-480x480.webp 480w\" sizes=\"(min-width: 0px) and (max-width: 480px) 480px, (min-width: 481px) and (max-width: 980px) 980px, (min-width: 981px) 1024px, 100vw\" \/><\/figure>\n\n\n\n<figure class=\"wp-block-image size-large\"><img loading=\"lazy\" decoding=\"async\" width=\"1024\" height=\"1024\" data-id=\"3549\" src=\"https:\/\/ihamc.cl\/wp-content\/uploads\/2025\/10\/El-sabado-4-de-octubre-se-llevo-a-cabo-la-mateada-a-beneficio-del-conjunto-Quittahuen-instanci-2-1024x1024.webp\" alt=\"\" class=\"wp-image-3549\" srcset=\"https:\/\/ihamc.cl\/wp-content\/uploads\/2025\/10\/El-sabado-4-de-octubre-se-llevo-a-cabo-la-mateada-a-beneficio-del-conjunto-Quittahuen-instanci-2-1024x1024.webp 1024w, https:\/\/ihamc.cl\/wp-content\/uploads\/2025\/10\/El-sabado-4-de-octubre-se-llevo-a-cabo-la-mateada-a-beneficio-del-conjunto-Quittahuen-instanci-2-980x980.webp 980w, https:\/\/ihamc.cl\/wp-content\/uploads\/2025\/10\/El-sabado-4-de-octubre-se-llevo-a-cabo-la-mateada-a-beneficio-del-conjunto-Quittahuen-instanci-2-480x480.webp 480w\" sizes=\"(min-width: 0px) and (max-width: 480px) 480px, (min-width: 481px) and (max-width: 980px) 980px, (min-width: 981px) 1024px, 100vw\" \/><\/figure>\n\n\n\n<figure class=\"wp-block-image size-large\"><img loading=\"lazy\" decoding=\"async\" width=\"1024\" height=\"1024\" data-id=\"3551\" src=\"https:\/\/ihamc.cl\/wp-content\/uploads\/2025\/10\/El-sabado-4-de-octubre-se-llevo-a-cabo-la-mateada-a-beneficio-del-conjunto-Quittahuen-instanci-1-1024x1024.webp\" alt=\"\" class=\"wp-image-3551\" srcset=\"https:\/\/ihamc.cl\/wp-content\/uploads\/2025\/10\/El-sabado-4-de-octubre-se-llevo-a-cabo-la-mateada-a-beneficio-del-conjunto-Quittahuen-instanci-1-1024x1024.webp 1024w, https:\/\/ihamc.cl\/wp-content\/uploads\/2025\/10\/El-sabado-4-de-octubre-se-llevo-a-cabo-la-mateada-a-beneficio-del-conjunto-Quittahuen-instanci-1-980x980.webp 980w, https:\/\/ihamc.cl\/wp-content\/uploads\/2025\/10\/El-sabado-4-de-octubre-se-llevo-a-cabo-la-mateada-a-beneficio-del-conjunto-Quittahuen-instanci-1-480x480.webp 480w\" sizes=\"(min-width: 0px) and (max-width: 480px) 480px, (min-width: 481px) and (max-width: 980px) 980px, (min-width: 981px) 1024px, 100vw\" \/><\/figure>\n<\/figure>\n\n\n\n<div style=\"height:100px\" aria-hidden=\"true\" class=\"wp-block-spacer\"><\/div>\n","protected":false},"excerpt":{"rendered":"<p>El s\u00e1bado 4 de octubre se llev\u00f3 a cabo la mateada a beneficio del conjunto Quitrahuen, instancia que reuni\u00f3 a nuestra comunidad en torno a la m\u00fasica y las tradiciones de nuestro pa\u00eds. \u2615\ud83c\udfb6 La jornada cont\u00f3 con la destacada participaci\u00f3n del Conjunto de Canto y Danzas Tradicionales de la Universidad del B\u00edo-B\u00edo y del [&hellip;]<\/p>\n","protected":false},"author":7,"featured_media":3552,"comment_status":"closed","ping_status":"closed","sticky":false,"template":"","format":"standard","meta":{"_et_pb_use_builder":"off","_et_pb_old_content":"","_et_gb_content_width":"","footnotes":""},"categories":[3],"tags":[],"class_list":["post-3547","post","type-post","status-publish","format-standard","has-post-thumbnail","hentry","category-noticias"],"_links":{"self":[{"href":"https:\/\/ihamc.cl\/index.php\/wp-json\/wp\/v2\/posts\/3547"}],"collection":[{"href":"https:\/\/ihamc.cl\/index.php\/wp-json\/wp\/v2\/posts"}],"about":[{"href":"https:\/\/ihamc.cl\/index.php\/wp-json\/wp\/v2\/types\/post"}],"author":[{"embeddable":true,"href":"https:\/\/ihamc.cl\/index.php\/wp-json\/wp\/v2\/users\/7"}],"replies":[{"embeddable":true,"href":"https:\/\/ihamc.cl\/index.php\/wp-json\/wp\/v2\/comments?post=3547"}],"version-history":[{"count":4,"href":"https:\/\/ihamc.cl\/index.php\/wp-json\/wp\/v2\/posts\/3547\/revisions"}],"predecessor-version":[{"id":3622,"href":"https:\/\/ihamc.cl\/index.php\/wp-json\/wp\/v2\/posts\/3547\/revisions\/3622"}],"wp:featuredmedia":[{"embeddable":true,"href":"https:\/\/ihamc.cl\/index.php\/wp-json\/wp\/v2\/media\/3552"}],"wp:attachment":[{"href":"https:\/\/ihamc.cl\/index.php\/wp-json\/wp\/v2\/media?parent=3547"}],"wp:term":[{"taxonomy":"category","embeddable":true,"href":"https:\/\/ihamc.cl\/index.php\/wp-json\/wp\/v2\/categories?post=3547"},{"taxonomy":"post_tag","embeddable":true,"href":"https:\/\/ihamc.cl\/index.php\/wp-json\/wp\/v2\/tags?post=3547"}],"curies":[{"name":"wp","href":"https:\/\/api.w.org\/{rel}","templated":true}]}}