{"id":3529,"date":"2025-08-27T09:48:00","date_gmt":"2025-08-27T13:48:00","guid":{"rendered":"https:\/\/ihamc.cl\/?p=3529"},"modified":"2025-10-13T09:54:32","modified_gmt":"2025-10-13T13:54:32","slug":"hito-de-la-solidaridad-1ros-medios-ihamc","status":"publish","type":"post","link":"https:\/\/ihamc.cl\/index.php\/2025\/08\/27\/hito-de-la-solidaridad-1ros-medios-ihamc\/","title":{"rendered":"Hito de la Solidaridad \u2013 1ros Medios IHAMC"},"content":{"rendered":"\n<p>El d\u00eda martes 26 de agosto, se vivi\u00f3 un momento muy especial en nuestra comunidad educativa con la realizaci\u00f3n del Hito de la Solidaridad de los primeros medios del Instituto de Humanidades Antonio Moreno Casamitjana (IHAMC) \ud83d\ude4f\ud83c\udffd<\/p>\n\n\n\n<p>Durante esta significativa jornada, tuvimos el honor de recibir la reliquia de primer grado de San Alberto Hurtado, un verdadero s\u00edmbolo de entrega y amor al pr\u00f3jimo \ud83d\udc9a\ud83d\udd25. Este momento permiti\u00f3 a nuestros estudiantes reflexionar sobre el valor de la solidaridad y el compromiso con quienes m\u00e1s lo necesitan \ud83d\udd4a\ufe0f\ud83d\udcad<\/p>\n\n\n\n<p>Agradecemos a todos quienes hicieron posible esta experiencia espiritual tan significativa, que fortalece nuestra identidad y misi\u00f3n como comunidad educativa \ud83d\udcab\ud83d\udcd8<\/p>\n\n\n\n<div style=\"height:40px\" aria-hidden=\"true\" class=\"wp-block-spacer\"><\/div>\n\n\n\n<figure class=\"wp-block-gallery has-nested-images columns-default is-cropped wp-block-gallery-1 is-layout-flex wp-block-gallery-is-layout-flex\">\n<figure class=\"wp-block-image size-large\"><img loading=\"lazy\" decoding=\"async\" width=\"768\" height=\"1024\" data-id=\"3530\" src=\"https:\/\/ihamc.cl\/wp-content\/uploads\/2025\/10\/\ud83e\udd1d\u2728-Hito-de-la-Solidaridad-\u2013-1ros-Medios-IHAMC-\ud83d\ude4c\ud83c\udffd\ud83d\udc99El-dia-de-ayer-martes-26-de-agosto-se-viv-768x1024.jpg\" alt=\"\" class=\"wp-image-3530\" srcset=\"https:\/\/ihamc.cl\/wp-content\/uploads\/2025\/10\/\ud83e\udd1d\u2728-Hito-de-la-Solidaridad-\u2013-1ros-Medios-IHAMC-\ud83d\ude4c\ud83c\udffd\ud83d\udc99El-dia-de-ayer-martes-26-de-agosto-se-viv-768x1024.jpg 768w, https:\/\/ihamc.cl\/wp-content\/uploads\/2025\/10\/\ud83e\udd1d\u2728-Hito-de-la-Solidaridad-\u2013-1ros-Medios-IHAMC-\ud83d\ude4c\ud83c\udffd\ud83d\udc99El-dia-de-ayer-martes-26-de-agosto-se-viv-225x300.jpg 225w, https:\/\/ihamc.cl\/wp-content\/uploads\/2025\/10\/\ud83e\udd1d\u2728-Hito-de-la-Solidaridad-\u2013-1ros-Medios-IHAMC-\ud83d\ude4c\ud83c\udffd\ud83d\udc99El-dia-de-ayer-martes-26-de-agosto-se-viv-980x1307.jpg 980w, https:\/\/ihamc.cl\/wp-content\/uploads\/2025\/10\/\ud83e\udd1d\u2728-Hito-de-la-Solidaridad-\u2013-1ros-Medios-IHAMC-\ud83d\ude4c\ud83c\udffd\ud83d\udc99El-dia-de-ayer-martes-26-de-agosto-se-viv-480x640.jpg 480w, https:\/\/ihamc.cl\/wp-content\/uploads\/2025\/10\/\ud83e\udd1d\u2728-Hito-de-la-Solidaridad-\u2013-1ros-Medios-IHAMC-\ud83d\ude4c\ud83c\udffd\ud83d\udc99El-dia-de-ayer-martes-26-de-agosto-se-viv.jpg 1080w\" sizes=\"(max-width: 768px) 100vw, 768px\" \/><\/figure>\n\n\n\n<figure class=\"wp-block-image size-large\"><img loading=\"lazy\" decoding=\"async\" width=\"768\" height=\"1024\" data-id=\"3534\" src=\"https:\/\/ihamc.cl\/wp-content\/uploads\/2025\/10\/\ud83e\udd1d\u2728-Hito-de-la-Solidaridad-\u2013-1ros-Medios-IHAMC-\ud83d\ude4c\ud83c\udffd\ud83d\udc99El-dia-de-ayer-martes-26-de-agosto-se-viv-6-768x1024.jpg\" alt=\"\" class=\"wp-image-3534\" srcset=\"https:\/\/ihamc.cl\/wp-content\/uploads\/2025\/10\/\ud83e\udd1d\u2728-Hito-de-la-Solidaridad-\u2013-1ros-Medios-IHAMC-\ud83d\ude4c\ud83c\udffd\ud83d\udc99El-dia-de-ayer-martes-26-de-agosto-se-viv-6-768x1024.jpg 768w, https:\/\/ihamc.cl\/wp-content\/uploads\/2025\/10\/\ud83e\udd1d\u2728-Hito-de-la-Solidaridad-\u2013-1ros-Medios-IHAMC-\ud83d\ude4c\ud83c\udffd\ud83d\udc99El-dia-de-ayer-martes-26-de-agosto-se-viv-6-225x300.jpg 225w, https:\/\/ihamc.cl\/wp-content\/uploads\/2025\/10\/\ud83e\udd1d\u2728-Hito-de-la-Solidaridad-\u2013-1ros-Medios-IHAMC-\ud83d\ude4c\ud83c\udffd\ud83d\udc99El-dia-de-ayer-martes-26-de-agosto-se-viv-6-980x1307.jpg 980w, https:\/\/ihamc.cl\/wp-content\/uploads\/2025\/10\/\ud83e\udd1d\u2728-Hito-de-la-Solidaridad-\u2013-1ros-Medios-IHAMC-\ud83d\ude4c\ud83c\udffd\ud83d\udc99El-dia-de-ayer-martes-26-de-agosto-se-viv-6-480x640.jpg 480w, https:\/\/ihamc.cl\/wp-content\/uploads\/2025\/10\/\ud83e\udd1d\u2728-Hito-de-la-Solidaridad-\u2013-1ros-Medios-IHAMC-\ud83d\ude4c\ud83c\udffd\ud83d\udc99El-dia-de-ayer-martes-26-de-agosto-se-viv-6.jpg 1080w\" sizes=\"(max-width: 768px) 100vw, 768px\" \/><\/figure>\n\n\n\n<figure class=\"wp-block-image size-large\"><img loading=\"lazy\" decoding=\"async\" width=\"768\" height=\"1024\" data-id=\"3535\" src=\"https:\/\/ihamc.cl\/wp-content\/uploads\/2025\/10\/\ud83e\udd1d\u2728-Hito-de-la-Solidaridad-\u2013-1ros-Medios-IHAMC-\ud83d\ude4c\ud83c\udffd\ud83d\udc99El-dia-de-ayer-martes-26-de-agosto-se-viv-5-768x1024.jpg\" alt=\"\" class=\"wp-image-3535\" srcset=\"https:\/\/ihamc.cl\/wp-content\/uploads\/2025\/10\/\ud83e\udd1d\u2728-Hito-de-la-Solidaridad-\u2013-1ros-Medios-IHAMC-\ud83d\ude4c\ud83c\udffd\ud83d\udc99El-dia-de-ayer-martes-26-de-agosto-se-viv-5-768x1024.jpg 768w, https:\/\/ihamc.cl\/wp-content\/uploads\/2025\/10\/\ud83e\udd1d\u2728-Hito-de-la-Solidaridad-\u2013-1ros-Medios-IHAMC-\ud83d\ude4c\ud83c\udffd\ud83d\udc99El-dia-de-ayer-martes-26-de-agosto-se-viv-5-225x300.jpg 225w, https:\/\/ihamc.cl\/wp-content\/uploads\/2025\/10\/\ud83e\udd1d\u2728-Hito-de-la-Solidaridad-\u2013-1ros-Medios-IHAMC-\ud83d\ude4c\ud83c\udffd\ud83d\udc99El-dia-de-ayer-martes-26-de-agosto-se-viv-5-980x1307.jpg 980w, https:\/\/ihamc.cl\/wp-content\/uploads\/2025\/10\/\ud83e\udd1d\u2728-Hito-de-la-Solidaridad-\u2013-1ros-Medios-IHAMC-\ud83d\ude4c\ud83c\udffd\ud83d\udc99El-dia-de-ayer-martes-26-de-agosto-se-viv-5-480x640.jpg 480w, https:\/\/ihamc.cl\/wp-content\/uploads\/2025\/10\/\ud83e\udd1d\u2728-Hito-de-la-Solidaridad-\u2013-1ros-Medios-IHAMC-\ud83d\ude4c\ud83c\udffd\ud83d\udc99El-dia-de-ayer-martes-26-de-agosto-se-viv-5.jpg 1080w\" sizes=\"(max-width: 768px) 100vw, 768px\" \/><\/figure>\n\n\n\n<figure class=\"wp-block-image size-large\"><img loading=\"lazy\" decoding=\"async\" width=\"768\" height=\"1024\" data-id=\"3532\" src=\"https:\/\/ihamc.cl\/wp-content\/uploads\/2025\/10\/\ud83e\udd1d\u2728-Hito-de-la-Solidaridad-\u2013-1ros-Medios-IHAMC-\ud83d\ude4c\ud83c\udffd\ud83d\udc99El-dia-de-ayer-martes-26-de-agosto-se-viv-4-768x1024.jpg\" alt=\"\" class=\"wp-image-3532\" srcset=\"https:\/\/ihamc.cl\/wp-content\/uploads\/2025\/10\/\ud83e\udd1d\u2728-Hito-de-la-Solidaridad-\u2013-1ros-Medios-IHAMC-\ud83d\ude4c\ud83c\udffd\ud83d\udc99El-dia-de-ayer-martes-26-de-agosto-se-viv-4-768x1024.jpg 768w, https:\/\/ihamc.cl\/wp-content\/uploads\/2025\/10\/\ud83e\udd1d\u2728-Hito-de-la-Solidaridad-\u2013-1ros-Medios-IHAMC-\ud83d\ude4c\ud83c\udffd\ud83d\udc99El-dia-de-ayer-martes-26-de-agosto-se-viv-4-225x300.jpg 225w, https:\/\/ihamc.cl\/wp-content\/uploads\/2025\/10\/\ud83e\udd1d\u2728-Hito-de-la-Solidaridad-\u2013-1ros-Medios-IHAMC-\ud83d\ude4c\ud83c\udffd\ud83d\udc99El-dia-de-ayer-martes-26-de-agosto-se-viv-4-980x1307.jpg 980w, https:\/\/ihamc.cl\/wp-content\/uploads\/2025\/10\/\ud83e\udd1d\u2728-Hito-de-la-Solidaridad-\u2013-1ros-Medios-IHAMC-\ud83d\ude4c\ud83c\udffd\ud83d\udc99El-dia-de-ayer-martes-26-de-agosto-se-viv-4-480x640.jpg 480w, https:\/\/ihamc.cl\/wp-content\/uploads\/2025\/10\/\ud83e\udd1d\u2728-Hito-de-la-Solidaridad-\u2013-1ros-Medios-IHAMC-\ud83d\ude4c\ud83c\udffd\ud83d\udc99El-dia-de-ayer-martes-26-de-agosto-se-viv-4.jpg 1080w\" sizes=\"(max-width: 768px) 100vw, 768px\" \/><\/figure>\n\n\n\n<figure class=\"wp-block-image size-large\"><img loading=\"lazy\" decoding=\"async\" width=\"768\" height=\"1024\" data-id=\"3536\" src=\"https:\/\/ihamc.cl\/wp-content\/uploads\/2025\/10\/\ud83e\udd1d\u2728-Hito-de-la-Solidaridad-\u2013-1ros-Medios-IHAMC-\ud83d\ude4c\ud83c\udffd\ud83d\udc99El-dia-de-ayer-martes-26-de-agosto-se-viv-3-768x1024.jpg\" alt=\"\" class=\"wp-image-3536\" srcset=\"https:\/\/ihamc.cl\/wp-content\/uploads\/2025\/10\/\ud83e\udd1d\u2728-Hito-de-la-Solidaridad-\u2013-1ros-Medios-IHAMC-\ud83d\ude4c\ud83c\udffd\ud83d\udc99El-dia-de-ayer-martes-26-de-agosto-se-viv-3-768x1024.jpg 768w, https:\/\/ihamc.cl\/wp-content\/uploads\/2025\/10\/\ud83e\udd1d\u2728-Hito-de-la-Solidaridad-\u2013-1ros-Medios-IHAMC-\ud83d\ude4c\ud83c\udffd\ud83d\udc99El-dia-de-ayer-martes-26-de-agosto-se-viv-3-225x300.jpg 225w, https:\/\/ihamc.cl\/wp-content\/uploads\/2025\/10\/\ud83e\udd1d\u2728-Hito-de-la-Solidaridad-\u2013-1ros-Medios-IHAMC-\ud83d\ude4c\ud83c\udffd\ud83d\udc99El-dia-de-ayer-martes-26-de-agosto-se-viv-3-980x1307.jpg 980w, https:\/\/ihamc.cl\/wp-content\/uploads\/2025\/10\/\ud83e\udd1d\u2728-Hito-de-la-Solidaridad-\u2013-1ros-Medios-IHAMC-\ud83d\ude4c\ud83c\udffd\ud83d\udc99El-dia-de-ayer-martes-26-de-agosto-se-viv-3-480x640.jpg 480w, https:\/\/ihamc.cl\/wp-content\/uploads\/2025\/10\/\ud83e\udd1d\u2728-Hito-de-la-Solidaridad-\u2013-1ros-Medios-IHAMC-\ud83d\ude4c\ud83c\udffd\ud83d\udc99El-dia-de-ayer-martes-26-de-agosto-se-viv-3.jpg 1080w\" sizes=\"(max-width: 768px) 100vw, 768px\" \/><\/figure>\n\n\n\n<figure class=\"wp-block-image size-large\"><img loading=\"lazy\" decoding=\"async\" width=\"768\" height=\"1024\" data-id=\"3531\" src=\"https:\/\/ihamc.cl\/wp-content\/uploads\/2025\/10\/\ud83e\udd1d\u2728-Hito-de-la-Solidaridad-\u2013-1ros-Medios-IHAMC-\ud83d\ude4c\ud83c\udffd\ud83d\udc99El-dia-de-ayer-martes-26-de-agosto-se-viv-2-768x1024.jpg\" alt=\"\" class=\"wp-image-3531\" srcset=\"https:\/\/ihamc.cl\/wp-content\/uploads\/2025\/10\/\ud83e\udd1d\u2728-Hito-de-la-Solidaridad-\u2013-1ros-Medios-IHAMC-\ud83d\ude4c\ud83c\udffd\ud83d\udc99El-dia-de-ayer-martes-26-de-agosto-se-viv-2-768x1024.jpg 768w, https:\/\/ihamc.cl\/wp-content\/uploads\/2025\/10\/\ud83e\udd1d\u2728-Hito-de-la-Solidaridad-\u2013-1ros-Medios-IHAMC-\ud83d\ude4c\ud83c\udffd\ud83d\udc99El-dia-de-ayer-martes-26-de-agosto-se-viv-2-225x300.jpg 225w, https:\/\/ihamc.cl\/wp-content\/uploads\/2025\/10\/\ud83e\udd1d\u2728-Hito-de-la-Solidaridad-\u2013-1ros-Medios-IHAMC-\ud83d\ude4c\ud83c\udffd\ud83d\udc99El-dia-de-ayer-martes-26-de-agosto-se-viv-2-980x1307.jpg 980w, https:\/\/ihamc.cl\/wp-content\/uploads\/2025\/10\/\ud83e\udd1d\u2728-Hito-de-la-Solidaridad-\u2013-1ros-Medios-IHAMC-\ud83d\ude4c\ud83c\udffd\ud83d\udc99El-dia-de-ayer-martes-26-de-agosto-se-viv-2-480x640.jpg 480w, https:\/\/ihamc.cl\/wp-content\/uploads\/2025\/10\/\ud83e\udd1d\u2728-Hito-de-la-Solidaridad-\u2013-1ros-Medios-IHAMC-\ud83d\ude4c\ud83c\udffd\ud83d\udc99El-dia-de-ayer-martes-26-de-agosto-se-viv-2.jpg 1080w\" sizes=\"(max-width: 768px) 100vw, 768px\" \/><\/figure>\n\n\n\n<figure class=\"wp-block-image size-large\"><img loading=\"lazy\" decoding=\"async\" width=\"768\" height=\"1024\" data-id=\"3533\" src=\"https:\/\/ihamc.cl\/wp-content\/uploads\/2025\/10\/\ud83e\udd1d\u2728-Hito-de-la-Solidaridad-\u2013-1ros-Medios-IHAMC-\ud83d\ude4c\ud83c\udffd\ud83d\udc99El-dia-de-ayer-martes-26-de-agosto-se-viv-1-768x1024.jpg\" alt=\"\" class=\"wp-image-3533\" srcset=\"https:\/\/ihamc.cl\/wp-content\/uploads\/2025\/10\/\ud83e\udd1d\u2728-Hito-de-la-Solidaridad-\u2013-1ros-Medios-IHAMC-\ud83d\ude4c\ud83c\udffd\ud83d\udc99El-dia-de-ayer-martes-26-de-agosto-se-viv-1-768x1024.jpg 768w, https:\/\/ihamc.cl\/wp-content\/uploads\/2025\/10\/\ud83e\udd1d\u2728-Hito-de-la-Solidaridad-\u2013-1ros-Medios-IHAMC-\ud83d\ude4c\ud83c\udffd\ud83d\udc99El-dia-de-ayer-martes-26-de-agosto-se-viv-1-225x300.jpg 225w, https:\/\/ihamc.cl\/wp-content\/uploads\/2025\/10\/\ud83e\udd1d\u2728-Hito-de-la-Solidaridad-\u2013-1ros-Medios-IHAMC-\ud83d\ude4c\ud83c\udffd\ud83d\udc99El-dia-de-ayer-martes-26-de-agosto-se-viv-1-980x1307.jpg 980w, https:\/\/ihamc.cl\/wp-content\/uploads\/2025\/10\/\ud83e\udd1d\u2728-Hito-de-la-Solidaridad-\u2013-1ros-Medios-IHAMC-\ud83d\ude4c\ud83c\udffd\ud83d\udc99El-dia-de-ayer-martes-26-de-agosto-se-viv-1-480x640.jpg 480w, https:\/\/ihamc.cl\/wp-content\/uploads\/2025\/10\/\ud83e\udd1d\u2728-Hito-de-la-Solidaridad-\u2013-1ros-Medios-IHAMC-\ud83d\ude4c\ud83c\udffd\ud83d\udc99El-dia-de-ayer-martes-26-de-agosto-se-viv-1.jpg 1080w\" sizes=\"(max-width: 768px) 100vw, 768px\" \/><\/figure>\n<\/figure>\n\n\n\n<div style=\"height:100px\" aria-hidden=\"true\" class=\"wp-block-spacer\"><\/div>\n","protected":false},"excerpt":{"rendered":"<p>El d\u00eda martes 26 de agosto, se vivi\u00f3 un momento muy especial en nuestra comunidad educativa con la realizaci\u00f3n del Hito de la Solidaridad de los primeros medios del Instituto de Humanidades Antonio Moreno Casamitjana (IHAMC) \ud83d\ude4f\ud83c\udffd Durante esta significativa jornada, tuvimos el honor de recibir la reliquia de primer grado de San Alberto Hurtado, [&hellip;]<\/p>\n","protected":false},"author":7,"featured_media":3537,"comment_status":"closed","ping_status":"closed","sticky":false,"template":"","format":"standard","meta":{"_et_pb_use_builder":"off","_et_pb_old_content":"","_et_gb_content_width":"","footnotes":""},"categories":[3],"tags":[],"class_list":["post-3529","post","type-post","status-publish","format-standard","has-post-thumbnail","hentry","category-noticias"],"_links":{"self":[{"href":"https:\/\/ihamc.cl\/index.php\/wp-json\/wp\/v2\/posts\/3529"}],"collection":[{"href":"https:\/\/ihamc.cl\/index.php\/wp-json\/wp\/v2\/posts"}],"about":[{"href":"https:\/\/ihamc.cl\/index.php\/wp-json\/wp\/v2\/types\/post"}],"author":[{"embeddable":true,"href":"https:\/\/ihamc.cl\/index.php\/wp-json\/wp\/v2\/users\/7"}],"replies":[{"embeddable":true,"href":"https:\/\/ihamc.cl\/index.php\/wp-json\/wp\/v2\/comments?post=3529"}],"version-history":[{"count":1,"href":"https:\/\/ihamc.cl\/index.php\/wp-json\/wp\/v2\/posts\/3529\/revisions"}],"predecessor-version":[{"id":3538,"href":"https:\/\/ihamc.cl\/index.php\/wp-json\/wp\/v2\/posts\/3529\/revisions\/3538"}],"wp:featuredmedia":[{"embeddable":true,"href":"https:\/\/ihamc.cl\/index.php\/wp-json\/wp\/v2\/media\/3537"}],"wp:attachment":[{"href":"https:\/\/ihamc.cl\/index.php\/wp-json\/wp\/v2\/media?parent=3529"}],"wp:term":[{"taxonomy":"category","embeddable":true,"href":"https:\/\/ihamc.cl\/index.php\/wp-json\/wp\/v2\/categories?post=3529"},{"taxonomy":"post_tag","embeddable":true,"href":"https:\/\/ihamc.cl\/index.php\/wp-json\/wp\/v2\/tags?post=3529"}],"curies":[{"name":"wp","href":"https:\/\/api.w.org\/{rel}","templated":true}]}}