{"id":2569,"date":"2023-06-23T13:02:13","date_gmt":"2023-06-23T13:02:13","guid":{"rendered":"https:\/\/ihamc.cl\/?p=2569"},"modified":"2025-10-13T09:10:05","modified_gmt":"2025-10-13T13:10:05","slug":"instituto-de-humanidades-antonio-moreno-casamitjana-da-la-bienvenida-al-mapa-peregrino-comosimbolo-del-pacto-educativo-global","status":"publish","type":"post","link":"https:\/\/ihamc.cl\/index.php\/2023\/06\/23\/instituto-de-humanidades-antonio-moreno-casamitjana-da-la-bienvenida-al-mapa-peregrino-comosimbolo-del-pacto-educativo-global\/","title":{"rendered":"Instituto de Humanidades Antonio Moreno Casamitjana da la bienvenida al Mapa Peregrino como s\u00edmbolo del Pacto Educativo Global"},"content":{"rendered":"\n<p><\/p>\n\n\n\n<p><\/p>\n\n\n\n<p>El pasado 22 de junio, nuestro colegio recibi\u00f3 con gran alegr\u00eda la entrega del Mapa Peregrino por parte del colegio Wenga. Este evento marc\u00f3 un hito significativo en el camino hacia un Pacto Educativo Global y refleja el compromiso de ambas instituciones hacia esta inspiradora iniciativa promovida por el Papa Francisco, que nos invita a repensar y redescubrir el verdadero prop\u00f3sito de la educaci\u00f3n.<br><\/p>\n\n\n\n<p>La ceremonia de entrega tuvo lugar durante la tarde, en un ambiente de alegr\u00eda y entusiasmo. Representantes de ambas escuelas se congregaron en el sal\u00f3n del Instituto de Humanidades Antonio Moreno Casamitjana, donde se llev\u00f3 a cabo el acto oficial. Durante la ceremonia, la coordinadora de Pastoral del colegio Wenga, profesora Bernardita Quijada, expres\u00f3 su gratitud y admiraci\u00f3n por el compromiso al que el Papa Francisco nos llama y el desaf\u00edo que eso implica para nuestras comunidades, recordando el valor de la persona y la importancia de trabajar en comunidad.<\/p>\n\n\n\n<p><br>Por su parte, la rectora de nuestro colegio, sra. Yeny Mellado, destac\u00f3 la importancia de este gesto como un paso significativo hacia la consolidaci\u00f3n de un Pacto Educativo Global. Afirm\u00f3 que el Mapa Peregrino servir\u00e1 como recordatorio constante de los valores fundamentales que gu\u00edan la labor educativa en ambas instituciones y como inspiraci\u00f3n para futuros proyectos colaborativos.<\/p>\n\n\n\n<p><\/p>\n\n\n\n<figure class=\"wp-block-gallery has-nested-images columns-default is-cropped wp-block-gallery-1 is-layout-flex wp-block-gallery-is-layout-flex\">\n<figure class=\"wp-block-image size-large\"><img loading=\"lazy\" decoding=\"async\" width=\"1024\" height=\"682\" data-id=\"2571\" src=\"https:\/\/ihamc.cl\/wp-content\/uploads\/2023\/06\/DSC07021-1024x682.jpg\" alt=\"\" class=\"wp-image-2571\" srcset=\"https:\/\/ihamc.cl\/wp-content\/uploads\/2023\/06\/DSC07021-980x652.jpg 980w, https:\/\/ihamc.cl\/wp-content\/uploads\/2023\/06\/DSC07021-480x320.jpg 480w\" sizes=\"(min-width: 0px) and (max-width: 480px) 480px, (min-width: 481px) and (max-width: 980px) 980px, (min-width: 981px) 1024px, 100vw\" \/><\/figure>\n\n\n\n<figure class=\"wp-block-image size-large\"><img loading=\"lazy\" decoding=\"async\" width=\"1024\" height=\"682\" data-id=\"2573\" src=\"https:\/\/ihamc.cl\/wp-content\/uploads\/2023\/06\/DSC07039-1024x682.jpg\" alt=\"\" class=\"wp-image-2573\" srcset=\"https:\/\/ihamc.cl\/wp-content\/uploads\/2023\/06\/DSC07039-980x652.jpg 980w, https:\/\/ihamc.cl\/wp-content\/uploads\/2023\/06\/DSC07039-480x320.jpg 480w\" sizes=\"(min-width: 0px) and (max-width: 480px) 480px, (min-width: 481px) and (max-width: 980px) 980px, (min-width: 981px) 1024px, 100vw\" \/><\/figure>\n\n\n\n<figure class=\"wp-block-image size-large\"><img loading=\"lazy\" decoding=\"async\" width=\"1024\" height=\"682\" data-id=\"2572\" src=\"https:\/\/ihamc.cl\/wp-content\/uploads\/2023\/06\/DSC07043-1024x682.jpg\" alt=\"\" class=\"wp-image-2572\" srcset=\"https:\/\/ihamc.cl\/wp-content\/uploads\/2023\/06\/DSC07043-980x652.jpg 980w, https:\/\/ihamc.cl\/wp-content\/uploads\/2023\/06\/DSC07043-480x320.jpg 480w\" sizes=\"(min-width: 0px) and (max-width: 480px) 480px, (min-width: 481px) and (max-width: 980px) 980px, (min-width: 981px) 1024px, 100vw\" \/><\/figure>\n\n\n\n<figure class=\"wp-block-image size-large\"><img loading=\"lazy\" decoding=\"async\" width=\"1024\" height=\"682\" data-id=\"2574\" src=\"https:\/\/ihamc.cl\/wp-content\/uploads\/2023\/06\/DSC07045-1024x682.jpg\" alt=\"\" class=\"wp-image-2574\" srcset=\"https:\/\/ihamc.cl\/wp-content\/uploads\/2023\/06\/DSC07045-980x652.jpg 980w, https:\/\/ihamc.cl\/wp-content\/uploads\/2023\/06\/DSC07045-480x320.jpg 480w\" sizes=\"(min-width: 0px) and (max-width: 480px) 480px, (min-width: 481px) and (max-width: 980px) 980px, (min-width: 981px) 1024px, 100vw\" \/><\/figure>\n\n\n\n<figure class=\"wp-block-image size-large\"><img loading=\"lazy\" decoding=\"async\" width=\"1024\" height=\"682\" data-id=\"2570\" src=\"https:\/\/ihamc.cl\/wp-content\/uploads\/2023\/06\/DSC07051-1024x682.jpg\" alt=\"\" class=\"wp-image-2570\" srcset=\"https:\/\/ihamc.cl\/wp-content\/uploads\/2023\/06\/DSC07051-980x652.jpg 980w, https:\/\/ihamc.cl\/wp-content\/uploads\/2023\/06\/DSC07051-480x320.jpg 480w\" sizes=\"(min-width: 0px) and (max-width: 480px) 480px, (min-width: 481px) and (max-width: 980px) 980px, (min-width: 981px) 1024px, 100vw\" \/><\/figure>\n\n\n\n<figure class=\"wp-block-image size-large\"><img loading=\"lazy\" decoding=\"async\" width=\"1024\" height=\"682\" data-id=\"2575\" src=\"https:\/\/ihamc.cl\/wp-content\/uploads\/2023\/06\/DSC07057-1024x682.jpg\" alt=\"\" class=\"wp-image-2575\" srcset=\"https:\/\/ihamc.cl\/wp-content\/uploads\/2023\/06\/DSC07057-980x652.jpg 980w, https:\/\/ihamc.cl\/wp-content\/uploads\/2023\/06\/DSC07057-480x320.jpg 480w\" sizes=\"(min-width: 0px) and (max-width: 480px) 480px, (min-width: 481px) and (max-width: 980px) 980px, (min-width: 981px) 1024px, 100vw\" \/><\/figure>\n<\/figure>\n","protected":false},"excerpt":{"rendered":"<p>El pasado 22 de junio, nuestro colegio recibi\u00f3 con gran alegr\u00eda la entrega del Mapa Peregrino por parte del colegio Wenga. Este evento marc\u00f3 un hito significativo en el camino hacia un Pacto Educativo Global y refleja el compromiso de ambas instituciones hacia esta inspiradora iniciativa promovida por el Papa Francisco, que nos invita a [&hellip;]<\/p>\n","protected":false},"author":7,"featured_media":2573,"comment_status":"closed","ping_status":"closed","sticky":false,"template":"","format":"standard","meta":{"_et_pb_use_builder":"off","_et_pb_old_content":"","_et_gb_content_width":"","footnotes":""},"categories":[3],"tags":[],"class_list":["post-2569","post","type-post","status-publish","format-standard","has-post-thumbnail","hentry","category-noticias"],"_links":{"self":[{"href":"https:\/\/ihamc.cl\/index.php\/wp-json\/wp\/v2\/posts\/2569"}],"collection":[{"href":"https:\/\/ihamc.cl\/index.php\/wp-json\/wp\/v2\/posts"}],"about":[{"href":"https:\/\/ihamc.cl\/index.php\/wp-json\/wp\/v2\/types\/post"}],"author":[{"embeddable":true,"href":"https:\/\/ihamc.cl\/index.php\/wp-json\/wp\/v2\/users\/7"}],"replies":[{"embeddable":true,"href":"https:\/\/ihamc.cl\/index.php\/wp-json\/wp\/v2\/comments?post=2569"}],"version-history":[{"count":2,"href":"https:\/\/ihamc.cl\/index.php\/wp-json\/wp\/v2\/posts\/2569\/revisions"}],"predecessor-version":[{"id":2577,"href":"https:\/\/ihamc.cl\/index.php\/wp-json\/wp\/v2\/posts\/2569\/revisions\/2577"}],"wp:featuredmedia":[{"embeddable":true,"href":"https:\/\/ihamc.cl\/index.php\/wp-json\/wp\/v2\/media\/2573"}],"wp:attachment":[{"href":"https:\/\/ihamc.cl\/index.php\/wp-json\/wp\/v2\/media?parent=2569"}],"wp:term":[{"taxonomy":"category","embeddable":true,"href":"https:\/\/ihamc.cl\/index.php\/wp-json\/wp\/v2\/categories?post=2569"},{"taxonomy":"post_tag","embeddable":true,"href":"https:\/\/ihamc.cl\/index.php\/wp-json\/wp\/v2\/tags?post=2569"}],"curies":[{"name":"wp","href":"https:\/\/api.w.org\/{rel}","templated":true}]}}